{"id":10,"date":"2015-04-15T19:50:53","date_gmt":"2015-04-15T19:50:53","guid":{"rendered":"http:\/\/amistadbritanicomexicana.org\/blog\/?p=10"},"modified":"2020-06-19T18:25:14","modified_gmt":"2020-06-19T18:25:14","slug":"encabeza-embajador-taylor-asamblea-de-fundacion-amistad-britanico-mexicana","status":"publish","type":"post","link":"http:\/\/www.amistadbritanicomexicana.org\/blog\/encabeza-embajador-taylor-asamblea-de-fundacion-amistad-britanico-mexicana\/","title":{"rendered":"Encabeza embajador Taylor asamblea de Fundaci\u00f3n Amistad Brit\u00e1nico-Mexicana"},"content":{"rendered":"<p><img loading=\"lazy\" decoding=\"async\" class=\"aligncenter wp-image-11\" src=\"http:\/\/amistadbritanicomexicana.org\/blog\/wp-content\/uploads\/2015\/05\/duncan-taylor01.jpg\" alt=\"duncan-taylor01\" width=\"640\" height=\"426\" srcset=\"http:\/\/www.amistadbritanicomexicana.org\/blog\/wp-content\/uploads\/2015\/05\/duncan-taylor01.jpg 800w, http:\/\/www.amistadbritanicomexicana.org\/blog\/wp-content\/uploads\/2015\/05\/duncan-taylor01-300x200.jpg 300w, http:\/\/www.amistadbritanicomexicana.org\/blog\/wp-content\/uploads\/2015\/05\/duncan-taylor01-450x300.jpg 450w\" sizes=\"auto, (max-width: 640px) 100vw, 640px\" \/><br \/>\n<strong><em>13 abril, 2015<br \/>\nTexto y fotos: Alejandro Barrag\u00e1n<br \/>\n<\/em><\/strong><a href=\"http:\/\/www.protocolo.com.mx\/embajadas\/encabeza-embajador-taylor-asamblea-de-fundacion-amistad-britanico-mexicana\/\" target=\"_blank\"><strong><em>Protocolo<\/em><\/strong><\/a><\/p>\n<p>La fundaci\u00f3n fue creada por residentes brit\u00e1nicos en M\u00e9xico dos d\u00edas despu\u00e9s del terremoto de 1985.<\/p>\n<p>Por segundo a\u00f1o consecutivo, Duncan Taylor, embajador de Gran Breta\u00f1a en M\u00e9xico, encabez\u00f3 la asamblea anual de la Fundaci\u00f3n Amistad Brit\u00e1nico-Mexicana en calidad de presidente honorario.<\/p>\n<p>Armando Nuricumbo, tesorero de dicha asociaci\u00f3n, present\u00f3 un informe de las finanzas de la Fundaci\u00f3n Amistad Brit\u00e1nico-Mexicana en el cual destac\u00f3 una disminuci\u00f3n en los donativos recibidos por la instituci\u00f3n con respecto al a\u00f1o 2013.<\/p>\n<p><!--more--><\/p>\n<p>Asimismo, resalt\u00f3 la importancia de quienes colaboran con la asociaci\u00f3n en calidad de voluntarios y enfatiz\u00f3 la importancia de conseguir patrocinadores para financiar los gastos operativos en 2015.<\/p>\n<p>Por su parte Colin Stabler, presidente de la Fundaci\u00f3n Amistad Brit\u00e1nico-Mexicana, indic\u00f3 que 2014 fue un a\u00f1o de intenso trabajo para la fundaci\u00f3n debido al paso de los huracanes Ingrid y Manuel por el estado de Guerrero.<\/p>\n<p>En dicho estado la Fundaci\u00f3n Amistad Brit\u00e1nico-Mexicana colabor\u00f3 en los trabajos de reconstrucci\u00f3n de escuelas y hospitales en beneficio de las comunidades m\u00e1s afectadas de Acapulco.<\/p>\n<p>Stabler agradeci\u00f3 a quienes colaboran con la fundaci\u00f3n as\u00ed como con los benefactores de la misma. Del mismo modo, record\u00f3 la visita del patrono de la fundaci\u00f3n, el pr\u00edncipe de Gales, en Real del Monte, Hidalgo, el a\u00f1o pasado.<\/p>\n<p>Fundaci\u00f3n Amistad Brit\u00e1nico-Mexicana fue creada por residentes brit\u00e1nicos en M\u00e9xico dos d\u00edas despu\u00e9s del terremoto que sacudi\u00f3 a la ciudad de M\u00e9xico en 1985. En 2015 celebrar\u00e1 30 a\u00f1os de existencia.<\/p>\n","protected":false},"excerpt":{"rendered":"<p>13 abril, 2015 Texto y fotos: Alejandro Barrag\u00e1n Protocolo La fundaci\u00f3n fue creada por residentes brit\u00e1nicos en M\u00e9xico dos d\u00edas despu\u00e9s del terremoto de 1985. Por segundo a\u00f1o consecutivo, Duncan Taylor, embajador de Gran Breta\u00f1a en M\u00e9xico, encabez\u00f3 la asamblea &hellip; <a href=\"http:\/\/www.amistadbritanicomexicana.org\/blog\/encabeza-embajador-taylor-asamblea-de-fundacion-amistad-britanico-mexicana\/\">Sigue leyendo <span class=\"meta-nav\">&rarr;<\/span><\/a><\/p>\n","protected":false},"author":5,"featured_media":0,"comment_status":"open","ping_status":"open","sticky":false,"template":"","format":"standard","meta":{"footnotes":""},"categories":[2],"tags":[6,9,7,8,5],"class_list":["post-10","post","type-post","status-publish","format-standard","hentry","category-fundacion-amistad-britanico-mexicana-i-a-p","tag-amistad-britanico-mexicana-i-a-p","tag-armando-nuricumbo","tag-asamblea-anual","tag-duncan-taylor","tag-fundacion"],"yoast_head":"<!-- This site is optimized with the Yoast SEO plugin v27.5 - https:\/\/yoast.com\/product\/yoast-seo-wordpress\/ -->\n<title>Duncan Taylor encabez\u00f3 la asamblea anual de la Fundaci\u00f3n Amistad Brit\u00e1nico-Mexicana<\/title>\n<meta name=\"description\" content=\"Duncan Taylor, embajador de Gran Breta\u00f1a en M\u00e9xico, encabez\u00f3 la asamblea anual de la Fundaci\u00f3n Amistad Brit\u00e1nico-Mexicana en calidad de presidente honorario\" \/>\n<meta name=\"robots\" content=\"index, follow, max-snippet:-1, max-image-preview:large, max-video-preview:-1\" \/>\n<link rel=\"canonical\" href=\"http:\/\/www.amistadbritanicomexicana.org\/blog\/encabeza-embajador-taylor-asamblea-de-fundacion-amistad-britanico-mexicana\/\" \/>\n<meta property=\"og:locale\" content=\"es_ES\" \/>\n<meta property=\"og:type\" content=\"article\" \/>\n<meta property=\"og:title\" content=\"Duncan Taylor encabez\u00f3 la asamblea anual de la Fundaci\u00f3n Amistad Brit\u00e1nico-Mexicana\" \/>\n<meta property=\"og:description\" content=\"Duncan Taylor, embajador de Gran Breta\u00f1a en M\u00e9xico, encabez\u00f3 la asamblea anual de la Fundaci\u00f3n Amistad Brit\u00e1nico-Mexicana en calidad de presidente honorario\" \/>\n<meta property=\"og:url\" content=\"http:\/\/www.amistadbritanicomexicana.org\/blog\/encabeza-embajador-taylor-asamblea-de-fundacion-amistad-britanico-mexicana\/\" \/>\n<meta property=\"og:site_name\" content=\"Fundaci\u00f3n Amistad Brit\u00e1nico Mexicana I.A.P.\" \/>\n<meta property=\"article:published_time\" content=\"2015-04-15T19:50:53+00:00\" \/>\n<meta property=\"article:modified_time\" content=\"2020-06-19T18:25:14+00:00\" \/>\n<meta property=\"og:image\" content=\"http:\/\/amistadbritanicomexicana.org\/blog\/wp-content\/uploads\/2015\/05\/duncan-taylor01.jpg\" \/>\n<meta name=\"author\" content=\"Fundaci\u00f3n Amistad Brit\u00e1nico-Mexicana I.A.P.\" \/>\n<meta name=\"twitter:card\" content=\"summary_large_image\" \/>\n<meta name=\"twitter:label1\" content=\"Escrito por\" \/>\n\t<meta name=\"twitter:data1\" content=\"Fundaci\u00f3n Amistad Brit\u00e1nico-Mexicana I.A.P.\" \/>\n\t<meta name=\"twitter:label2\" content=\"Tiempo de lectura\" \/>\n\t<meta name=\"twitter:data2\" content=\"1 minuto\" \/>\n<script type=\"application\/ld+json\" class=\"yoast-schema-graph\">{\"@context\":\"https:\\\/\\\/schema.org\",\"@graph\":[{\"@type\":\"Article\",\"@id\":\"http:\\\/\\\/www.amistadbritanicomexicana.org\\\/blog\\\/encabeza-embajador-taylor-asamblea-de-fundacion-amistad-britanico-mexicana\\\/#article\",\"isPartOf\":{\"@id\":\"http:\\\/\\\/www.amistadbritanicomexicana.org\\\/blog\\\/encabeza-embajador-taylor-asamblea-de-fundacion-amistad-britanico-mexicana\\\/\"},\"author\":{\"name\":\"Fundaci\u00f3n Amistad Brit\u00e1nico-Mexicana I.A.P.\",\"@id\":\"http:\\\/\\\/www.amistadbritanicomexicana.org\\\/blog\\\/#\\\/schema\\\/person\\\/31e0121a3d81ddf996306809e7bcf588\"},\"headline\":\"Encabeza embajador Taylor asamblea de Fundaci\u00f3n Amistad Brit\u00e1nico-Mexicana\",\"datePublished\":\"2015-04-15T19:50:53+00:00\",\"dateModified\":\"2020-06-19T18:25:14+00:00\",\"mainEntityOfPage\":{\"@id\":\"http:\\\/\\\/www.amistadbritanicomexicana.org\\\/blog\\\/encabeza-embajador-taylor-asamblea-de-fundacion-amistad-britanico-mexicana\\\/\"},\"wordCount\":286,\"commentCount\":0,\"image\":{\"@id\":\"http:\\\/\\\/www.amistadbritanicomexicana.org\\\/blog\\\/encabeza-embajador-taylor-asamblea-de-fundacion-amistad-britanico-mexicana\\\/#primaryimage\"},\"thumbnailUrl\":\"http:\\\/\\\/amistadbritanicomexicana.org\\\/blog\\\/wp-content\\\/uploads\\\/2015\\\/05\\\/duncan-taylor01.jpg\",\"keywords\":[\"Amistad Brit\u00e1nico-Mexicana I.A.P.\",\"Armando Nuricumbo\",\"Asamblea Anual\",\"Duncan Taylor\",\"Fundaci\u00f3n\"],\"articleSection\":[\"Fundaci\u00f3n Amistad Brit\u00e1nico-Mexicana I.A.P.\"],\"inLanguage\":\"es\",\"potentialAction\":[{\"@type\":\"CommentAction\",\"name\":\"Comment\",\"target\":[\"http:\\\/\\\/www.amistadbritanicomexicana.org\\\/blog\\\/encabeza-embajador-taylor-asamblea-de-fundacion-amistad-britanico-mexicana\\\/#respond\"]}]},{\"@type\":\"WebPage\",\"@id\":\"http:\\\/\\\/www.amistadbritanicomexicana.org\\\/blog\\\/encabeza-embajador-taylor-asamblea-de-fundacion-amistad-britanico-mexicana\\\/\",\"url\":\"http:\\\/\\\/www.amistadbritanicomexicana.org\\\/blog\\\/encabeza-embajador-taylor-asamblea-de-fundacion-amistad-britanico-mexicana\\\/\",\"name\":\"Duncan Taylor encabez\u00f3 la asamblea anual de la Fundaci\u00f3n Amistad Brit\u00e1nico-Mexicana\",\"isPartOf\":{\"@id\":\"http:\\\/\\\/www.amistadbritanicomexicana.org\\\/blog\\\/#website\"},\"primaryImageOfPage\":{\"@id\":\"http:\\\/\\\/www.amistadbritanicomexicana.org\\\/blog\\\/encabeza-embajador-taylor-asamblea-de-fundacion-amistad-britanico-mexicana\\\/#primaryimage\"},\"image\":{\"@id\":\"http:\\\/\\\/www.amistadbritanicomexicana.org\\\/blog\\\/encabeza-embajador-taylor-asamblea-de-fundacion-amistad-britanico-mexicana\\\/#primaryimage\"},\"thumbnailUrl\":\"http:\\\/\\\/amistadbritanicomexicana.org\\\/blog\\\/wp-content\\\/uploads\\\/2015\\\/05\\\/duncan-taylor01.jpg\",\"datePublished\":\"2015-04-15T19:50:53+00:00\",\"dateModified\":\"2020-06-19T18:25:14+00:00\",\"author\":{\"@id\":\"http:\\\/\\\/www.amistadbritanicomexicana.org\\\/blog\\\/#\\\/schema\\\/person\\\/31e0121a3d81ddf996306809e7bcf588\"},\"description\":\"Duncan Taylor, embajador de Gran Breta\u00f1a en M\u00e9xico, encabez\u00f3 la asamblea anual de la Fundaci\u00f3n Amistad Brit\u00e1nico-Mexicana en calidad de presidente honorario\",\"breadcrumb\":{\"@id\":\"http:\\\/\\\/www.amistadbritanicomexicana.org\\\/blog\\\/encabeza-embajador-taylor-asamblea-de-fundacion-amistad-britanico-mexicana\\\/#breadcrumb\"},\"inLanguage\":\"es\",\"potentialAction\":[{\"@type\":\"ReadAction\",\"target\":[\"http:\\\/\\\/www.amistadbritanicomexicana.org\\\/blog\\\/encabeza-embajador-taylor-asamblea-de-fundacion-amistad-britanico-mexicana\\\/\"]}]},{\"@type\":\"ImageObject\",\"inLanguage\":\"es\",\"@id\":\"http:\\\/\\\/www.amistadbritanicomexicana.org\\\/blog\\\/encabeza-embajador-taylor-asamblea-de-fundacion-amistad-britanico-mexicana\\\/#primaryimage\",\"url\":\"http:\\\/\\\/amistadbritanicomexicana.org\\\/blog\\\/wp-content\\\/uploads\\\/2015\\\/05\\\/duncan-taylor01.jpg\",\"contentUrl\":\"http:\\\/\\\/amistadbritanicomexicana.org\\\/blog\\\/wp-content\\\/uploads\\\/2015\\\/05\\\/duncan-taylor01.jpg\"},{\"@type\":\"BreadcrumbList\",\"@id\":\"http:\\\/\\\/www.amistadbritanicomexicana.org\\\/blog\\\/encabeza-embajador-taylor-asamblea-de-fundacion-amistad-britanico-mexicana\\\/#breadcrumb\",\"itemListElement\":[{\"@type\":\"ListItem\",\"position\":1,\"name\":\"Portada\",\"item\":\"http:\\\/\\\/www.amistadbritanicomexicana.org\\\/blog\\\/\"},{\"@type\":\"ListItem\",\"position\":2,\"name\":\"Encabeza embajador Taylor asamblea de Fundaci\u00f3n Amistad Brit\u00e1nico-Mexicana\"}]},{\"@type\":\"WebSite\",\"@id\":\"http:\\\/\\\/www.amistadbritanicomexicana.org\\\/blog\\\/#website\",\"url\":\"http:\\\/\\\/www.amistadbritanicomexicana.org\\\/blog\\\/\",\"name\":\"Fundaci\u00f3n Amistad Brit\u00e1nico Mexicana I.A.P.\",\"description\":\"\",\"potentialAction\":[{\"@type\":\"SearchAction\",\"target\":{\"@type\":\"EntryPoint\",\"urlTemplate\":\"http:\\\/\\\/www.amistadbritanicomexicana.org\\\/blog\\\/?s={search_term_string}\"},\"query-input\":{\"@type\":\"PropertyValueSpecification\",\"valueRequired\":true,\"valueName\":\"search_term_string\"}}],\"inLanguage\":\"es\"},{\"@type\":\"Person\",\"@id\":\"http:\\\/\\\/www.amistadbritanicomexicana.org\\\/blog\\\/#\\\/schema\\\/person\\\/31e0121a3d81ddf996306809e7bcf588\",\"name\":\"Fundaci\u00f3n Amistad Brit\u00e1nico-Mexicana I.A.P.\",\"image\":{\"@type\":\"ImageObject\",\"inLanguage\":\"es\",\"@id\":\"https:\\\/\\\/secure.gravatar.com\\\/avatar\\\/f72f56b4e43140caaef64c097663f61bb41ba460a0bb85f07d755f5fa268cb26?s=96&d=mm&r=g\",\"url\":\"https:\\\/\\\/secure.gravatar.com\\\/avatar\\\/f72f56b4e43140caaef64c097663f61bb41ba460a0bb85f07d755f5fa268cb26?s=96&d=mm&r=g\",\"contentUrl\":\"https:\\\/\\\/secure.gravatar.com\\\/avatar\\\/f72f56b4e43140caaef64c097663f61bb41ba460a0bb85f07d755f5fa268cb26?s=96&d=mm&r=g\",\"caption\":\"Fundaci\u00f3n Amistad Brit\u00e1nico-Mexicana I.A.P.\"},\"url\":\"http:\\\/\\\/www.amistadbritanicomexicana.org\\\/blog\\\/author\\\/amistad\\\/\"}]}<\/script>\n<!-- \/ Yoast SEO plugin. -->","yoast_head_json":{"title":"Duncan Taylor encabez\u00f3 la asamblea anual de la Fundaci\u00f3n Amistad Brit\u00e1nico-Mexicana","description":"Duncan Taylor, embajador de Gran Breta\u00f1a en M\u00e9xico, encabez\u00f3 la asamblea anual de la Fundaci\u00f3n Amistad Brit\u00e1nico-Mexicana en calidad de presidente honorario","robots":{"index":"index","follow":"follow","max-snippet":"max-snippet:-1","max-image-preview":"max-image-preview:large","max-video-preview":"max-video-preview:-1"},"canonical":"http:\/\/www.amistadbritanicomexicana.org\/blog\/encabeza-embajador-taylor-asamblea-de-fundacion-amistad-britanico-mexicana\/","og_locale":"es_ES","og_type":"article","og_title":"Duncan Taylor encabez\u00f3 la asamblea anual de la Fundaci\u00f3n Amistad Brit\u00e1nico-Mexicana","og_description":"Duncan Taylor, embajador de Gran Breta\u00f1a en M\u00e9xico, encabez\u00f3 la asamblea anual de la Fundaci\u00f3n Amistad Brit\u00e1nico-Mexicana en calidad de presidente honorario","og_url":"http:\/\/www.amistadbritanicomexicana.org\/blog\/encabeza-embajador-taylor-asamblea-de-fundacion-amistad-britanico-mexicana\/","og_site_name":"Fundaci\u00f3n Amistad Brit\u00e1nico Mexicana I.A.P.","article_published_time":"2015-04-15T19:50:53+00:00","article_modified_time":"2020-06-19T18:25:14+00:00","og_image":[{"url":"http:\/\/amistadbritanicomexicana.org\/blog\/wp-content\/uploads\/2015\/05\/duncan-taylor01.jpg","type":"","width":"","height":""}],"author":"Fundaci\u00f3n Amistad Brit\u00e1nico-Mexicana I.A.P.","twitter_card":"summary_large_image","twitter_misc":{"Escrito por":"Fundaci\u00f3n Amistad Brit\u00e1nico-Mexicana I.A.P.","Tiempo de lectura":"1 minuto"},"schema":{"@context":"https:\/\/schema.org","@graph":[{"@type":"Article","@id":"http:\/\/www.amistadbritanicomexicana.org\/blog\/encabeza-embajador-taylor-asamblea-de-fundacion-amistad-britanico-mexicana\/#article","isPartOf":{"@id":"http:\/\/www.amistadbritanicomexicana.org\/blog\/encabeza-embajador-taylor-asamblea-de-fundacion-amistad-britanico-mexicana\/"},"author":{"name":"Fundaci\u00f3n Amistad Brit\u00e1nico-Mexicana I.A.P.","@id":"http:\/\/www.amistadbritanicomexicana.org\/blog\/#\/schema\/person\/31e0121a3d81ddf996306809e7bcf588"},"headline":"Encabeza embajador Taylor asamblea de Fundaci\u00f3n Amistad Brit\u00e1nico-Mexicana","datePublished":"2015-04-15T19:50:53+00:00","dateModified":"2020-06-19T18:25:14+00:00","mainEntityOfPage":{"@id":"http:\/\/www.amistadbritanicomexicana.org\/blog\/encabeza-embajador-taylor-asamblea-de-fundacion-amistad-britanico-mexicana\/"},"wordCount":286,"commentCount":0,"image":{"@id":"http:\/\/www.amistadbritanicomexicana.org\/blog\/encabeza-embajador-taylor-asamblea-de-fundacion-amistad-britanico-mexicana\/#primaryimage"},"thumbnailUrl":"http:\/\/amistadbritanicomexicana.org\/blog\/wp-content\/uploads\/2015\/05\/duncan-taylor01.jpg","keywords":["Amistad Brit\u00e1nico-Mexicana I.A.P.","Armando Nuricumbo","Asamblea Anual","Duncan Taylor","Fundaci\u00f3n"],"articleSection":["Fundaci\u00f3n Amistad Brit\u00e1nico-Mexicana I.A.P."],"inLanguage":"es","potentialAction":[{"@type":"CommentAction","name":"Comment","target":["http:\/\/www.amistadbritanicomexicana.org\/blog\/encabeza-embajador-taylor-asamblea-de-fundacion-amistad-britanico-mexicana\/#respond"]}]},{"@type":"WebPage","@id":"http:\/\/www.amistadbritanicomexicana.org\/blog\/encabeza-embajador-taylor-asamblea-de-fundacion-amistad-britanico-mexicana\/","url":"http:\/\/www.amistadbritanicomexicana.org\/blog\/encabeza-embajador-taylor-asamblea-de-fundacion-amistad-britanico-mexicana\/","name":"Duncan Taylor encabez\u00f3 la asamblea anual de la Fundaci\u00f3n Amistad Brit\u00e1nico-Mexicana","isPartOf":{"@id":"http:\/\/www.amistadbritanicomexicana.org\/blog\/#website"},"primaryImageOfPage":{"@id":"http:\/\/www.amistadbritanicomexicana.org\/blog\/encabeza-embajador-taylor-asamblea-de-fundacion-amistad-britanico-mexicana\/#primaryimage"},"image":{"@id":"http:\/\/www.amistadbritanicomexicana.org\/blog\/encabeza-embajador-taylor-asamblea-de-fundacion-amistad-britanico-mexicana\/#primaryimage"},"thumbnailUrl":"http:\/\/amistadbritanicomexicana.org\/blog\/wp-content\/uploads\/2015\/05\/duncan-taylor01.jpg","datePublished":"2015-04-15T19:50:53+00:00","dateModified":"2020-06-19T18:25:14+00:00","author":{"@id":"http:\/\/www.amistadbritanicomexicana.org\/blog\/#\/schema\/person\/31e0121a3d81ddf996306809e7bcf588"},"description":"Duncan Taylor, embajador de Gran Breta\u00f1a en M\u00e9xico, encabez\u00f3 la asamblea anual de la Fundaci\u00f3n Amistad Brit\u00e1nico-Mexicana en calidad de presidente honorario","breadcrumb":{"@id":"http:\/\/www.amistadbritanicomexicana.org\/blog\/encabeza-embajador-taylor-asamblea-de-fundacion-amistad-britanico-mexicana\/#breadcrumb"},"inLanguage":"es","potentialAction":[{"@type":"ReadAction","target":["http:\/\/www.amistadbritanicomexicana.org\/blog\/encabeza-embajador-taylor-asamblea-de-fundacion-amistad-britanico-mexicana\/"]}]},{"@type":"ImageObject","inLanguage":"es","@id":"http:\/\/www.amistadbritanicomexicana.org\/blog\/encabeza-embajador-taylor-asamblea-de-fundacion-amistad-britanico-mexicana\/#primaryimage","url":"http:\/\/amistadbritanicomexicana.org\/blog\/wp-content\/uploads\/2015\/05\/duncan-taylor01.jpg","contentUrl":"http:\/\/amistadbritanicomexicana.org\/blog\/wp-content\/uploads\/2015\/05\/duncan-taylor01.jpg"},{"@type":"BreadcrumbList","@id":"http:\/\/www.amistadbritanicomexicana.org\/blog\/encabeza-embajador-taylor-asamblea-de-fundacion-amistad-britanico-mexicana\/#breadcrumb","itemListElement":[{"@type":"ListItem","position":1,"name":"Portada","item":"http:\/\/www.amistadbritanicomexicana.org\/blog\/"},{"@type":"ListItem","position":2,"name":"Encabeza embajador Taylor asamblea de Fundaci\u00f3n Amistad Brit\u00e1nico-Mexicana"}]},{"@type":"WebSite","@id":"http:\/\/www.amistadbritanicomexicana.org\/blog\/#website","url":"http:\/\/www.amistadbritanicomexicana.org\/blog\/","name":"Fundaci\u00f3n Amistad Brit\u00e1nico Mexicana I.A.P.","description":"","potentialAction":[{"@type":"SearchAction","target":{"@type":"EntryPoint","urlTemplate":"http:\/\/www.amistadbritanicomexicana.org\/blog\/?s={search_term_string}"},"query-input":{"@type":"PropertyValueSpecification","valueRequired":true,"valueName":"search_term_string"}}],"inLanguage":"es"},{"@type":"Person","@id":"http:\/\/www.amistadbritanicomexicana.org\/blog\/#\/schema\/person\/31e0121a3d81ddf996306809e7bcf588","name":"Fundaci\u00f3n Amistad Brit\u00e1nico-Mexicana I.A.P.","image":{"@type":"ImageObject","inLanguage":"es","@id":"https:\/\/secure.gravatar.com\/avatar\/f72f56b4e43140caaef64c097663f61bb41ba460a0bb85f07d755f5fa268cb26?s=96&d=mm&r=g","url":"https:\/\/secure.gravatar.com\/avatar\/f72f56b4e43140caaef64c097663f61bb41ba460a0bb85f07d755f5fa268cb26?s=96&d=mm&r=g","contentUrl":"https:\/\/secure.gravatar.com\/avatar\/f72f56b4e43140caaef64c097663f61bb41ba460a0bb85f07d755f5fa268cb26?s=96&d=mm&r=g","caption":"Fundaci\u00f3n Amistad Brit\u00e1nico-Mexicana I.A.P."},"url":"http:\/\/www.amistadbritanicomexicana.org\/blog\/author\/amistad\/"}]}},"_links":{"self":[{"href":"http:\/\/www.amistadbritanicomexicana.org\/blog\/wp-json\/wp\/v2\/posts\/10","targetHints":{"allow":["GET"]}}],"collection":[{"href":"http:\/\/www.amistadbritanicomexicana.org\/blog\/wp-json\/wp\/v2\/posts"}],"about":[{"href":"http:\/\/www.amistadbritanicomexicana.org\/blog\/wp-json\/wp\/v2\/types\/post"}],"author":[{"embeddable":true,"href":"http:\/\/www.amistadbritanicomexicana.org\/blog\/wp-json\/wp\/v2\/users\/5"}],"replies":[{"embeddable":true,"href":"http:\/\/www.amistadbritanicomexicana.org\/blog\/wp-json\/wp\/v2\/comments?post=10"}],"version-history":[{"count":2,"href":"http:\/\/www.amistadbritanicomexicana.org\/blog\/wp-json\/wp\/v2\/posts\/10\/revisions"}],"predecessor-version":[{"id":13,"href":"http:\/\/www.amistadbritanicomexicana.org\/blog\/wp-json\/wp\/v2\/posts\/10\/revisions\/13"}],"wp:attachment":[{"href":"http:\/\/www.amistadbritanicomexicana.org\/blog\/wp-json\/wp\/v2\/media?parent=10"}],"wp:term":[{"taxonomy":"category","embeddable":true,"href":"http:\/\/www.amistadbritanicomexicana.org\/blog\/wp-json\/wp\/v2\/categories?post=10"},{"taxonomy":"post_tag","embeddable":true,"href":"http:\/\/www.amistadbritanicomexicana.org\/blog\/wp-json\/wp\/v2\/tags?post=10"}],"curies":[{"name":"wp","href":"https:\/\/api.w.org\/{rel}","templated":true}]}}